{"id":145,"date":"2012-09-17T09:53:21","date_gmt":"2012-09-17T09:53:21","guid":{"rendered":"http:\/\/www.ereinmarketing.es\/index2.php\/?p=145"},"modified":"2020-08-06T13:42:47","modified_gmt":"2020-08-06T13:42:47","slug":"area-de-comunicacion-sensibilizacion-y-formacion","status":"publish","type":"post","link":"https:\/\/www.ereinmarketing.es\/eu\/area-de-comunicacion-sensibilizacion-y-formacion\/","title":{"rendered":"Trabajando en red: las nuevas organizaciones de profesionales sin &#8220;organizaci\u00f3n&#8221;"},"content":{"rendered":"<p>&nbsp;<\/p>\n<h3 style=\"font-weight: 400;\">Somos la generaci\u00f3n bisagra entre la vieja era industrial que se caracterizaba por la concentraci\u00f3n de fuerza de trabajo en grandes centros productivos y la nueva era econ\u00f3mica en la que los y las profesionales trabajan en centros de trabajo cada vez m\u00e1s reducidos o incluso de manera independiente. Seg\u00fan el art\u00edculo de Marco Torregrossa\u00a0<u>\u201c<a href=\"https:\/\/medium.com\/euro-freelancers\/seeding-your-own-freelancers-network-45229a96dfe0\" data-saferedirecturl=\"https:\/\/www.google.com\/url?hl=es&amp;q=https:\/\/medium.com\/euro-freelancers\/seeding-your-own-freelancers-network-45229a96dfe0&amp;source=gmail&amp;ust=1526054660697000&amp;usg=AFQjCNEcDGvQg3OSalMixILxKL9ZuNvnzg\"><em>Seeding Your Own Freelancers\u2019 Network<\/em><\/a><\/u><em>\u201d , traducido al castellano por Albert Ca\u00f1igueral,\u00a0<\/em>\u00a0las estimaciones de\u00a0<a href=\"https:\/\/www.mckinsey.com\/business-functions\/digital-mckinsey\/our-insights\/new-evidence-for-the-power-of-digital-platforms\">McKinsey<\/a>\u00a0 predicen\u00a0que\u00a0<strong>el 70% de la poblaci\u00f3n activa en Europa se convertir\u00e1 en freelance para 2030<\/strong>.<\/h3>\n<p>&nbsp;<\/p>\n<p style=\"font-weight: 400;\">La postmodernidad viene acompa\u00f1ada de una revoluci\u00f3n tecnol\u00f3gica que ya tenemos encima desde hace a\u00f1os y que amenaza con destruir miles de trabajos actuales, pero que a la vez promete la creaci\u00f3n de nuevos perfiles profesionales y nichos de mercado que ahora apenas podemos vislumbrar. La gran parte de esos trabajos estar\u00e1n enmarcados en el campo de la alta tecnolog\u00eda, pero tambi\u00e9n en aquel que tiene que ver con la gran humanidad. \u00bfQu\u00e9 quiero decir con esto? Que tendremos que especializarnos en aquellas \u00e1reas en las que las m\u00e1quinas y la producci\u00f3n de bajo coste no nos puede superar y estas son las cualidades genuinamente humanas como el Arte, la Creatividad, la Empat\u00eda\u2026 No es casual\u00a0\u00a0que en las empresas m\u00e1s innovadoras se confiera cada vez m\u00e1s importancia a las llamadas cualidades blandas frente a las capacidades duras o ejecutivas.<\/p>\n<p style=\"font-weight: 400;\">Por lo tanto, estamos ante un nuevo tiempo que va a traer grandes oportunidades. Los nuevos profesionales freelance obtendr\u00e1n muchas ventajas: Libertad de tiempo, posibilidad de desplegar su\u00a0 creatividad sin cortapisas y en espacios libres de juicios, desarrollo del talento personal, elecci\u00f3n de las personas con las que quieren trabajar, etc.. Y sin embargo,\u00a0\u00bfC\u00f3mo sobrevivir ante este nuevo desaf\u00edo? \u00bfC\u00f3mo encontrar la felicidad en una incertidumbre constante? \u00bfC\u00f3mo conseguir una m\u00ednima estabilidad financiera? \u00bfSon los freelances los nuevos trabajadores precarios, la versi\u00f3n actualizada del mileurista, el proletariado del siglo XXI pero bien capacitado y que mal vende su capital intelectual y creativo que tanto tiempo y dinero le ha costado conseguir? Firmemente creo que no. Que es posible aunar el desarrollo de los talentos propios y de la vocaci\u00f3n, sin tener que pasar estrecheces econ\u00f3micas.<\/p>\n<p>&nbsp;<\/p>\n<p style=\"font-weight: 400;\">Cu\u00e1les son las herramientas de &#8220;supervivencia&#8221; de este nuevo profesional. En base a mi experiencia y la de las y los profesionales con los que trabajo hay tres elementos fundamentales:<\/p>\n<p style=\"font-weight: 400;\"><strong>Asociaci\u00f3n.<\/strong>\u00a0Es primordial que los y las profesionales trabajen para poder establecer con otros profesionales relaciones de cooperaci\u00f3n, acuerdos &#8220;ganar, ganar&#8221;, compartir recursos, crear equipos de trabajo estables o puntuales para dar respuestas integrales a las necesidades de sus clientes, proporcionarse apoyo moral en momentos bajos. Las redes sociales y las nuevas tecnolog\u00edas han propiciado de manera exponencial el crecimiento de estas redes y plataformas. Sin embargo, la relaci\u00f3n humana presencial siempre ser\u00e1 necesaria.<\/p>\n<p style=\"font-weight: 400;\"><strong>Formaci\u00f3n constante tanto profesional como en desarrollo personal.<\/strong>\u00a0Este \u00e1rea deber\u00eda ser una asignatura de &#8220;obligado cumplimiento&#8221; para todas las personas, pero en el caso de los freelance y empresarios y aut\u00f3nomos independientes m\u00e1s puesto que son las m\u00e1s vulnerables a los altibajos emocionales. La monta\u00f1a rusa del emprendedor existe. Hay momentos mejores y peores. Por eso, es necesario gestionar las emociones, pensamientos y sentimientos para conseguir una estabilidad por encima de las circunstancias. Porque cuando las cosas nos salen vamos muy bien, pero no siempre los vientos son favorables. Tambi\u00e9n hay tormentas, huracanes y &#8220;calma chicha&#8221;.<\/p>\n<p style=\"font-weight: 400;\"><strong>Pasar de una mentalidad de &#8220;aut\u00f3nom@&#8221; a una mentalidad de &#8220;empresari@&#8221;<\/strong>. Si bien es cierto que somos profesionales independientes eso no significa que debamos dejar que todos los ingresos de econ\u00f3micos dependan \u00fanicamente de nuestras contras contraprestaciones por servicios ofrecidos. Adaptar una mentalidad de empresa es vital. Factores como apalancamiento en equipos de trabajo, sistematizaci\u00f3n de procesos, conocimientos fiscales y financieros suficientes al menos como para saber en quien delegarlos es muy recomendable. Y si no participar en una red, como la nuestra, en la que haya profesionales de diversos perfiles con los que te puedas complementar es otra opci\u00f3n a tener en cuenta.<\/p>\n<p>&nbsp;<\/p>\n<p style=\"font-weight: 400;\">En definitiva, la pr\u00e1ctica va por delante de la legislaci\u00f3n\u00a0 y aunque este tipo de &#8220;oganizaciones&#8221; no tengan forma jur\u00eddica ni est\u00e9n reguladas en el c\u00f3digo de comercio, como s\u00ed ocurre con otras sociedades econ\u00f3micas, no significa que no se estructuren ni se coordinen. Pero esa coordinaci\u00f3n no se produce porque las partes est\u00e9n sujetas legalmente, aunque tambi\u00e9n pueden mediar contratos privados por supuesto, sino por relaciones basadas en el inter\u00e9s mutuo.<\/p>\n<p>&nbsp;<\/p>\n<div class=\"wp-menu-arrow\">\n<div><\/div>\n<\/div>\n<p>&nbsp;<\/p>\n<p><a href=\"http:\/\/creativecommons.org\/licenses\/by-sa\/4.0\/\" rel=\"license\"><img style=\"border-width: 0;\" src=\"https:\/\/i.creativecommons.org\/l\/by-sa\/4.0\/88x31.png\" alt=\"Licencia de Creative Commons\" \/><\/a><br \/>\nTrabajando en red: las nuevas organizaciones de profesionales sin &#8220;organizaci\u00f3n&#8221; by <a href=\"www.ereinmarketing.es\" rel=\"cc:attributionURL\">Lorea Burges<\/a> is licensed under a <a href=\"http:\/\/creativecommons.org\/licenses\/by-sa\/4.0\/\" rel=\"license\">Creative Commons Reconocimiento-CompartirIgual 4.0 Internacional License<\/a>.<br \/>\nCreado a partir de la obra en<\/p>","protected":false},"excerpt":{"rendered":"<p>&nbsp; Somos la generaci\u00f3n bisagra entre la vieja era industrial que se caracterizaba por la concentraci\u00f3n de fuerza de trabajo en grandes centros productivos y &#8230; <a title=\"Trabajando en red: las nuevas organizaciones de profesionales sin &#8220;organizaci\u00f3n&#8221;\" class=\"read-more\" href=\"https:\/\/www.ereinmarketing.es\/eu\/area-de-comunicacion-sensibilizacion-y-formacion\/\" aria-label=\"More on Trabajando en red: las nuevas organizaciones de profesionales sin &#8220;organizaci\u00f3n&#8221;\">+ info<\/a><\/p>\n","protected":false},"author":2,"featured_media":664,"comment_status":"closed","ping_status":"closed","sticky":false,"template":"","format":"standard","meta":{"generate_page_header":""},"categories":[1],"tags":[17,19,22,16,20,21,18],"_links":{"self":[{"href":"https:\/\/www.ereinmarketing.es\/eu\/wp-json\/wp\/v2\/posts\/145"}],"collection":[{"href":"https:\/\/www.ereinmarketing.es\/eu\/wp-json\/wp\/v2\/posts"}],"about":[{"href":"https:\/\/www.ereinmarketing.es\/eu\/wp-json\/wp\/v2\/types\/post"}],"author":[{"embeddable":true,"href":"https:\/\/www.ereinmarketing.es\/eu\/wp-json\/wp\/v2\/users\/2"}],"replies":[{"embeddable":true,"href":"https:\/\/www.ereinmarketing.es\/eu\/wp-json\/wp\/v2\/comments?post=145"}],"version-history":[{"count":17,"href":"https:\/\/www.ereinmarketing.es\/eu\/wp-json\/wp\/v2\/posts\/145\/revisions"}],"predecessor-version":[{"id":1180,"href":"https:\/\/www.ereinmarketing.es\/eu\/wp-json\/wp\/v2\/posts\/145\/revisions\/1180"}],"wp:featuredmedia":[{"embeddable":true,"href":"https:\/\/www.ereinmarketing.es\/eu\/wp-json\/wp\/v2\/media\/664"}],"wp:attachment":[{"href":"https:\/\/www.ereinmarketing.es\/eu\/wp-json\/wp\/v2\/media?parent=145"}],"wp:term":[{"taxonomy":"category","embeddable":true,"href":"https:\/\/www.ereinmarketing.es\/eu\/wp-json\/wp\/v2\/categories?post=145"},{"taxonomy":"post_tag","embeddable":true,"href":"https:\/\/www.ereinmarketing.es\/eu\/wp-json\/wp\/v2\/tags?post=145"}],"curies":[{"name":"wp","href":"https:\/\/api.w.org\/{rel}","templated":true}]}}