{"id":145,"date":"2012-09-17T09:53:21","date_gmt":"2012-09-17T09:53:21","guid":{"rendered":"http:\/\/www.ereinmarketing.es\/index2.php\/?p=145"},"modified":"2020-08-06T13:42:47","modified_gmt":"2020-08-06T13:42:47","slug":"area-de-comunicacion-sensibilizacion-y-formacion","status":"publish","type":"post","link":"https:\/\/www.ereinmarketing.es\/en\/area-de-comunicacion-sensibilizacion-y-formacion\/","title":{"rendered":"\u00c1rea de Comunicaci\u00f3n, Sensibilizaci\u00f3n y Formaci\u00f3n"},"content":{"rendered":"<p>Aunque es una responsabilidad de la sociedad en su conjunto, creemos que tanto organizaciones sin \u00e1nimo de lucro como instituciones son las principales promotoras de modificaciones en los h\u00e1bitos de consumo y actitudes. \u00a0En <strong>Erein<\/strong> trabajamos con organizaciones p\u00fablicas y privadas para contribuir a un cambio social encaminado hacia la creaci\u00f3n de modelos social, econ\u00f3mica y medioambientalmente m\u00e1s sostenibles.<\/p>\n<p>\u00bfC\u00f3mo? Desde nuestros conocimientos. Utilizando herramientas de comunicaci\u00f3n, sensibilizaci\u00f3n y formaci\u00f3n.<\/p>\n<p>&nbsp;<\/p>\n<p><strong>Servicios de formaci\u00f3n<\/strong>. Ofrecemos paquetes formativos para escuelas, centros c\u00edvicos, lugares de trabajo en diferentes tem\u00e1ticas relacionadas con el consumo responsable, el respeto hacia los animales y\/o el medioambiente, etc..<\/p>\n<p><strong>Desarrollo de Planes de comunicaci\u00f3n y campa\u00f1as de sensibilizaci\u00f3n y concienciaci\u00f3n<\/strong>. Nos valemos tanto de estrategias publicitarias aplicadas a m\u00faltiples soportes, como de eficaces acciones de relaciones p\u00fablicas para llegar directamente a las personas; las protagonistas del cambio.<\/p>\n<p><strong>Merchandising Medioambiental. <\/strong>Utilizamos pr\u00e1cticos y \u00fatiles art\u00edculos para apoyar nuestras acciones comunicativas. Solicita nuestro cat\u00e1logo.<\/p>","protected":false},"excerpt":{"rendered":"<p>Aunque es una responsabilidad de la sociedad en su conjunto, creemos que tanto organizaciones sin \u00e1nimo de lucro como instituciones son las principales promotoras de &#8230; <a title=\"\u00c1rea de Comunicaci\u00f3n, Sensibilizaci\u00f3n y Formaci\u00f3n\" class=\"read-more\" href=\"https:\/\/www.ereinmarketing.es\/en\/area-de-comunicacion-sensibilizacion-y-formacion\/\" aria-label=\"More on \u00c1rea de Comunicaci\u00f3n, Sensibilizaci\u00f3n y Formaci\u00f3n\">+ info<\/a><\/p>\n","protected":false},"author":2,"featured_media":664,"comment_status":"closed","ping_status":"closed","sticky":false,"template":"","format":"standard","meta":{"generate_page_header":""},"categories":[1],"tags":[17,19,22,16,20,21,18],"_links":{"self":[{"href":"https:\/\/www.ereinmarketing.es\/en\/wp-json\/wp\/v2\/posts\/145"}],"collection":[{"href":"https:\/\/www.ereinmarketing.es\/en\/wp-json\/wp\/v2\/posts"}],"about":[{"href":"https:\/\/www.ereinmarketing.es\/en\/wp-json\/wp\/v2\/types\/post"}],"author":[{"embeddable":true,"href":"https:\/\/www.ereinmarketing.es\/en\/wp-json\/wp\/v2\/users\/2"}],"replies":[{"embeddable":true,"href":"https:\/\/www.ereinmarketing.es\/en\/wp-json\/wp\/v2\/comments?post=145"}],"version-history":[{"count":17,"href":"https:\/\/www.ereinmarketing.es\/en\/wp-json\/wp\/v2\/posts\/145\/revisions"}],"predecessor-version":[{"id":1180,"href":"https:\/\/www.ereinmarketing.es\/en\/wp-json\/wp\/v2\/posts\/145\/revisions\/1180"}],"wp:featuredmedia":[{"embeddable":true,"href":"https:\/\/www.ereinmarketing.es\/en\/wp-json\/wp\/v2\/media\/664"}],"wp:attachment":[{"href":"https:\/\/www.ereinmarketing.es\/en\/wp-json\/wp\/v2\/media?parent=145"}],"wp:term":[{"taxonomy":"category","embeddable":true,"href":"https:\/\/www.ereinmarketing.es\/en\/wp-json\/wp\/v2\/categories?post=145"},{"taxonomy":"post_tag","embeddable":true,"href":"https:\/\/www.ereinmarketing.es\/en\/wp-json\/wp\/v2\/tags?post=145"}],"curies":[{"name":"wp","href":"https:\/\/api.w.org\/{rel}","templated":true}]}}